{"headers": {"id": "ID", "periodo": "Per\u00edodo", "titulo": "Mat\u00e9ria", "autor": "Autor", "ementa": "Ementa", "situacao": "Situa\u00e7\u00e3o"}, "results": [{"id": 2501, "periodo": "ordem dia", "titulo": "Indica\u00e7\u00e3o n\u00ba 259 de 2026", "autor": "Vando da Sa\u00fade", "ementa": "INDICA\u00c7\u00c3O, de apelo \u00e0 Excelent\u00edssima Senhora Prefeita deste Munic\u00edpio, Sra. Maria Lucielle Silva Laurentino, por meio da Secretaria competente,\r\nprovidencie melhorias em todas a ruas dos loteamentos: Bela Vista, Parque das ac\u00e1cias, Nossa Senhora da Luz e Cidade Alta e demais ruas do bairro do Retiro, atrav\u00e9s de revestimento com pi\u00e7arro, em nosso Munic\u00edpio.", "situacao": "Mat\u00e9ria colocada em \u00fanica vota\u00e7\u00e3o"}, {"id": 2502, "periodo": "ordem dia", "titulo": "Indica\u00e7\u00e3o n\u00ba 260 de 2026", "autor": "Z\u00e9 Amaro", "ementa": "Indica ao Poder Executivo Municipal, para que, juntamente com a Secretaria competente, adotem as provid\u00eancias necess\u00e1rias para a\r\nrealiza\u00e7\u00e3o do cal\u00e7amento da via de acesso que liga a entrada do S\u00edtio Mulungu sentido S\u00edtio Varzinha.", "situacao": "Mat\u00e9ria colocada em \u00fanica vota\u00e7\u00e3o"}, {"id": 2503, "periodo": "ordem dia", "titulo": "Indica\u00e7\u00e3o n\u00ba 261 de 2026", "autor": "Z\u00e9 Amaro", "ementa": "Indica ao Poder Executivo Municipal, para que, juntamente com a Secretaria competente, adotem as provid\u00eancias necess\u00e1rias para a\r\nrestaura\u00e7\u00e3o da quadra esportiva do CEMAIC, em nosso Munic\u00edpio.", "situacao": "Mat\u00e9ria colocada em \u00fanica vota\u00e7\u00e3o"}, {"id": 2504, "periodo": "ordem dia", "titulo": "Indica\u00e7\u00e3o n\u00ba 262 de 2026", "autor": "Z\u00e9 Amaro", "ementa": "Indica ao Poder Executivo Municipal, para que, juntamente com a Secretaria competente, viabilize a troca das lonas de 2 quiosques localizados na Pra\u00e7a Duque de Caxias. As lonas atuais encontram se danificadas", "situacao": "Mat\u00e9ria colocada em \u00fanica vota\u00e7\u00e3o"}, {"id": 2499, "periodo": "expediente", "titulo": "Ata da Sess\u00e3o Ordin\u00e1ria n\u00ba 12 de 2026", "autor": "", "ementa": "ATA DA D\u00c9CIMA SEGUNDA REUNI\u00c3O ORDIN\u00c1RIA DO PRIMEIRO PERIODO LEGISLATIVO DA C\u00c2MARA MUNICIPAL DOS BEZERROS \u2013 PE, REALIZADA NO DIA 22 DE ABRIL DO ANO DOIS MIL E VINTE E SEIS.", "situacao": "Mat\u00e9ria colocada em \u00fanica vota\u00e7\u00e3o"}, {"id": 2500, "periodo": "expediente", "titulo": "Ata da Sess\u00e3o Ordin\u00e1ria n\u00ba 13 de 2026", "autor": "", "ementa": "ATA DA D\u00c9CIMA TERCEIRA REUNI\u00c3O ORDIN\u00c1RIA DO PRIMEIRO PERIODO LEGISLATIVO DA C\u00c2MARA MUNICIPAL DOS BEZERROS \u2013 PE, REALIZADA NO DIA 28DE ABRIL DO ANO DOIS MIL E VINTE E SEIS.", "situacao": "Mat\u00e9ria colocada em \u00fanica vota\u00e7\u00e3o"}]}