{"headers": {"id": "ID", "periodo": "Per\u00edodo", "titulo": "Mat\u00e9ria", "autor": "Autor", "ementa": "Ementa", "situacao": "Situa\u00e7\u00e3o"}, "results": [{"id": 2477, "periodo": "ordem dia", "titulo": "Indica\u00e7\u00e3o n\u00ba 241 de 2026", "autor": "Jo\u00e3o Motos", "ementa": "INDICA\u00c7\u00c3O, ao Poder Executivo Municipal , e a Governadora Raquel Lira , para que seja feito um\r\nestudo para implanta\u00e7\u00e3o de uma unidade COMPAZ no nosso munic\u00edpio assim sendo a primeira no\r\ninterior de Pernambuco.", "situacao": "Mat\u00e9ria colocada em \u00fanica vota\u00e7\u00e3o"}, {"id": 2478, "periodo": "ordem dia", "titulo": "Indica\u00e7\u00e3o n\u00ba 242 de 2026", "autor": "Jo\u00e3o Motos", "ementa": "INDICA\u00c7\u00c3O, ao Poder Executivo Municipal , que seja criado um disque den\u00fancia para denunciar\r\nagress\u00f5es contra a mulher de forma an\u00f4nima protegendo assim sua integridade.", "situacao": "Mat\u00e9ria colocada em \u00fanica vota\u00e7\u00e3o"}, {"id": 2479, "periodo": "ordem dia", "titulo": "Indica\u00e7\u00e3o n\u00ba 243 de 2026", "autor": "Nathan de Demir", "ementa": "Solicita ao Poder Executivo Municipal a elabora\u00e7\u00e3o e envio de Projeto de Lei autorizando o Munic\u00edpio de Bezerros a celebrar conv\u00eanio com o Governo do Estado de Pernambuco, por meio do \u00f3rg\u00e3o competente, para aproveitamento de m\u00e3o de obra de apenados do regime semiaberto, reeducandos e egressos do sistema prisional em atividades de interesse p\u00fablico.", "situacao": "Mat\u00e9ria colocada em \u00fanica vota\u00e7\u00e3o"}, {"id": 2480, "periodo": "ordem dia", "titulo": "Indica\u00e7\u00e3o n\u00ba 244 de 2026", "autor": "Nathan de Demir", "ementa": "Solicita ao Poder Executivo Municipal, por meio dos \u00f3rg\u00e3os competentes, a realiza\u00e7\u00e3o de estudo t\u00e9cnico e de viabilidade para analisar a substitui\u00e7\u00e3o ou ado\u00e7\u00e3o de lombadas modulares tipo B em detrimento das lombadas tradicionais, visando maior economicidade, rapidez na instala\u00e7\u00e3o, efici\u00eancia vi\u00e1ria e melhoria da mobilidade urbana no Munic\u00edpio de Bezerros.", "situacao": "Mat\u00e9ria colocada em \u00fanica vota\u00e7\u00e3o"}, {"id": 2481, "periodo": "ordem dia", "titulo": "Indica\u00e7\u00e3o n\u00ba 245 de 2026", "autor": "Nathan de Demir", "ementa": "Solicita ao Poder Executivo Municipal, por meio dos \u00f3rg\u00e3os competentes, a implanta\u00e7\u00e3o de sistema de monitoramento e rastreamento via GPS em toda a frota de ve\u00edculos oficiais do Munic\u00edpio de Bezerros, visando maior controle, transpar\u00eancia, economicidade e efici\u00eancia na presta\u00e7\u00e3o dos servi\u00e7os p\u00fablicos.", "situacao": "Mat\u00e9ria colocada em \u00fanica vota\u00e7\u00e3o"}, {"id": 2482, "periodo": "ordem dia", "titulo": "Indica\u00e7\u00e3o n\u00ba 246 de 2026", "autor": "Ad\u00e9 Motos", "ementa": "Indica ao Poder Executivo Municipal que, juntamente com os \u00f3rg\u00e3os\r\ncompetentes, viabilize a realiza\u00e7\u00e3o de cursos de forma\u00e7\u00e3o e capacita\u00e7\u00e3o de cuidadores de idosos,\r\ncrian\u00e7as e pessoas com defici\u00eancia (PCDs) em nosso munic\u00edpio.", "situacao": "Mat\u00e9ria colocada em \u00fanica vota\u00e7\u00e3o"}, {"id": 2483, "periodo": "ordem dia", "titulo": "Indica\u00e7\u00e3o n\u00ba 247 de 2026", "autor": "Ad\u00e9 Motos", "ementa": "Indica ao Poder Executivo Municipal que, juntamente com a Secretaria Municipal de Sa\u00fade, adote as provid\u00eancias necess\u00e1rias para a contrata\u00e7\u00e3o de uma equipe multiprofissional especializada, com o objetivo de realizar a triagem e identifica\u00e7\u00e3o precoce do Transtorno do\r\nEspectro Autista (TEA) nas crian\u00e7as matriculadas na rede municipal de ensino.", "situacao": "Mat\u00e9ria colocada em \u00fanica vota\u00e7\u00e3o"}, {"id": 2484, "periodo": "ordem dia", "titulo": "Indica\u00e7\u00e3o n\u00ba 248 de 2026", "autor": "Vando da Sa\u00fade", "ementa": "INDICA\u00c7\u00c3O, de apelo \u00e0 Excelent\u00edssima Senhora Prefeita deste Munic\u00edpio, Sra. Maria Lucielle Silva Laurentino, por meio da Secretaria competente, providencie a instala\u00e7\u00e3o de lumin\u00e1rias, bem como a substitui\u00e7\u00e3o de l\u00e2mpadas queimadas nas seguintes localidades:\r\nS\u00edtio Lagoa Nova;\r\nBairro do Retiro;\r\nS\u00edtio Riacho Verde;\r\nS\u00edtio Gamela;\r\nS\u00edtio Moreira;\r\nS\u00edtio Boqueir\u00e3o.", "situacao": "Mat\u00e9ria colocada em \u00fanica vota\u00e7\u00e3o"}, {"id": 2485, "periodo": "ordem dia", "titulo": "Indica\u00e7\u00e3o n\u00ba 249 de 2026", "autor": "Vando da Sa\u00fade", "ementa": "INDICA\u00c7\u00c3O, de apelo \u00e0 Excelent\u00edssima Senhora Prefeita deste Munic\u00edpio, Sra. Maria Lucielle Silva Laurentino, para que, juntamente com a\r\nSecretaria Municipal de Servi\u00e7os Urbanos, adote as provid\u00eancias necess\u00e1rias visando \u00e0 execu\u00e7\u00e3o de saneamento e do cal\u00e7amento das seguintes vias p\u00fablicas:\r\nRua Manoel Caetano da Silva;\r\nRua \u00c2ngelo Grise;\r\n1, 2, 3, 4, 5 e 6*' Travessas Ubirajara Portela;", "situacao": "Mat\u00e9ria colocada em \u00fanica vota\u00e7\u00e3o"}, {"id": 2490, "periodo": "ordem dia", "titulo": "Indica\u00e7\u00e3o n\u00ba 254 de 2026", "autor": "Vando da Sa\u00fade", "ementa": "INDICA\u00c7\u00c3O, de apelo \u00e0 Excelent\u00edssima Senhora Prefeita deste Munic\u00edpio, Sra. Maria Lucielle Silva Laurentino. por meio da Secretaria competente,\r\nprovidencie melhorias nas ruas e no loteamento do bairro tio Retiro, atrav\u00e9s de revestimento com pi\u00e7arro. em nosso Munic\u00edpio.", "situacao": "Mat\u00e9ria colocada em \u00fanica vota\u00e7\u00e3o"}, {"id": 2486, "periodo": "ordem dia", "titulo": "Indica\u00e7\u00e3o n\u00ba 250 de 2026", "autor": "Junior Boi Gordo", "ementa": "INDICAR \u00e0 Excelent\u00edssima Senhora\r\nPrefeita do Munic\u00edpio que, V. Exa. juntamente com as Secretarias Competentes, providencie o\r\nsaneamento b\u00e1sico, cal\u00e7amento e ilumina\u00e7\u00e3o p\u00fablica no Loteamento S\u00e3o Rafael, em nosso\r\nMunic\u00edpio.", "situacao": "Mat\u00e9ria colocada em \u00fanica vota\u00e7\u00e3o"}, {"id": 2487, "periodo": "ordem dia", "titulo": "Indica\u00e7\u00e3o n\u00ba 251 de 2026", "autor": "Junior Boi Gordo", "ementa": "Indica \u00e0 Excelent\u00edssima Senhora Prefeita do Munic\u00edpio que, juntamente com a Secretaria Municipal de Educa\u00e7\u00e3o, inclua no Plano\r\nde Governo a constru\u00e7\u00e3o de uma Creche Municipal no bairro S\u00e3o Rafael, em nosso Munic\u00edpio.", "situacao": "Mat\u00e9ria colocada em \u00fanica vota\u00e7\u00e3o"}, {"id": 2488, "periodo": "ordem dia", "titulo": "Indica\u00e7\u00e3o n\u00ba 252 de 2026", "autor": "Roberto Dinda", "ementa": "INDICA\u00c7\u00c3O de apelo \u00e0 Excelent\u00edssima Senhora Prefeita deste Munic\u00edpio, que Vossa Excel\u00eancia \u00e0 Exm^ encaminhe a esta Casa Legislativa\r\num Projeto de Lei que eleve o adicional de insalubridade para o percentual de 40% (quarenta por cento), correspondente ao grau m\u00e1ximo, especificamente para os coveiros do Munic\u00edpio, tendo em vista que atualmente o referido adicional encontra-se fixado em 20% (vinte por cento).", "situacao": "Mat\u00e9ria colocada em \u00fanica vota\u00e7\u00e3o"}, {"id": 2489, "periodo": "ordem dia", "titulo": "Indica\u00e7\u00e3o n\u00ba 253 de 2026", "autor": "Roberto Dinda", "ementa": "INDICA\u00c7\u00c3O de apelo \u00e0 Excelent\u00edssima Senhora Prefeita deste Munic\u00edpio, que Vossa Excel\u00eancia por meio dos \u00f3rg\u00e3os competentes, realize\r\na reposi\u00e7\u00e3o do cal\u00e7amento na Rua Manoel Laurentino Filho, localizada no bairro da Cameleira.", "situacao": "Mat\u00e9ria colocada em \u00fanica vota\u00e7\u00e3o"}, {"id": 2491, "periodo": "ordem dia", "titulo": "Indica\u00e7\u00e3o n\u00ba 255 de 2026", "autor": "Reporter Rinaldo Luiz", "ementa": "Solicita a amplia\u00e7\u00e3o do hor\u00e1rio de atendimento da Casa de Apoio ao TFD de Bezerros, em Recife, para funcionamento aos fins de semana conforme demanda dos pacientes.", "situacao": "Mat\u00e9ria colocada em \u00fanica vota\u00e7\u00e3o"}, {"id": 2492, "periodo": "ordem dia", "titulo": "Indica\u00e7\u00e3o n\u00ba 256 de 2026", "autor": "Reporter Rinaldo Luiz", "ementa": "Solicita reparo da rede de esgoto na Rua Ant\u00f4nia Mendes, localizada no bairro Santo Amaro I, em Bezerros/PE.", "situacao": "Mat\u00e9ria colocada em \u00fanica vota\u00e7\u00e3o"}, {"id": 2493, "periodo": "ordem dia", "titulo": "Mo\u00e7\u00e3o de Aplausos n\u00ba 16 de 2026", "autor": "Reporter Rinaldo Luiz", "ementa": "MO\u00c7\u00c3O DE APLAUSOS para ANT\u00d4NIO MANOEL BATISTA (BITONHO)", "situacao": "Mat\u00e9ria colocada em \u00fanica vota\u00e7\u00e3o"}, {"id": 2494, "periodo": "ordem dia", "titulo": "Indica\u00e7\u00e3o n\u00ba 257 de 2026", "autor": "Eduardo Lima", "ementa": "Indica ao Poder Executivo o reparo urgente do cal\u00e7amento e do asfalto na Rua Severina Maria da Silva, Centro.", "situacao": "Mat\u00e9ria colocada em \u00fanica vota\u00e7\u00e3o"}, {"id": 2495, "periodo": "ordem dia", "titulo": "Indica\u00e7\u00e3o n\u00ba 258 de 2026", "autor": "Eduardo Lima", "ementa": "Indica ao Poder Executivo Municipal, ap\u00f3s ouvidas as demandas do usu\u00e1rios e servidores, a amplia\u00e7\u00e3o do espa\u00e7o onde funciona a cl\u00ednica de Fisioterapia, no Centro de Reabilita\u00e7\u00e3o.", "situacao": "Mat\u00e9ria colocada em \u00fanica vota\u00e7\u00e3o"}, {"id": 2496, "periodo": "ordem dia", "titulo": "Mo\u00e7\u00e3o de Aplausos n\u00ba 17 de 2026", "autor": "Eduardo Lima", "ementa": "MO\u00c7\u00c3O DE APLAUSOS \u00e0 IGREJA MUNDIAL DE JESUS CRISTO - IMJC, pelo seu JUBILEU DE OURO - 50 anos de adora\u00e7\u00e3o e evangeliza\u00e7\u00e3o na cidade de Bezerros em Pernambuco.", "situacao": "Mat\u00e9ria colocada em \u00fanica vota\u00e7\u00e3o"}, {"id": 2476, "periodo": "expediente", "titulo": "Ata da Sess\u00e3o Ordin\u00e1ria n\u00ba 11 de 2026", "autor": "", "ementa": "ATA DA D\u00c9CIMA PRIMEIRA REUNI\u00c3O ORDIN\u00c1RIA DO PRIMEIRO PERIODO LEGISLATIVO DA C\u00c2MARA MUNICIPAL DOS BEZERROS \u2013 PE, REALIZADA NO DIA 14 DE ABRIL DO ANO DOIS MIL E VINTE E SEIS", "situacao": "Mat\u00e9ria colocada em \u00fanica vota\u00e7\u00e3o"}, {"id": 2497, "periodo": "expediente", "titulo": "Projeto de Lei do Executivo n\u00ba 4 de 2026", "autor": "Maria Lucielle Silva Laurentino - Prefeita", "ementa": "Disp\u00f5e sobre a denomina\u00e7\u00e3o da Unidade B\u00e1sica de Sa\u00fade do Distrito de Encruzilhada de S\u00e3o Jo\u00e3o, neste Munic\u00edpio, e d\u00e1 outras provid\u00eancias.", "situacao": "Aguardando emiss\u00e3o de parecer da comiss\u00e3o"}, {"id": 2498, "periodo": "expediente", "titulo": "Mo\u00e7\u00e3o de Pesar n\u00ba 8 de 2026", "autor": "Eduardo Lima", "ementa": "Mo\u00e7\u00e3o de Profundo Pesar pelo falecimento da Sr\u00aa Carmelita Benvinda Cantalice (Dona Carmelita), ocorrido no dia 20 de abril de 2026.", "situacao": "Mat\u00e9ria para leitura no plen\u00e1rio e encaminhado a fam\u00edlia"}]}