{"id":1983,"__str__":"Ata da Sess\u00e3o Ordin\u00e1ria n\u00ba 27 de 2025 | Mat\u00e9ria colocada em \u00fanica vota\u00e7\u00e3o | 09/09/2025","link_detail_backend":"/materia/tramitacao/1983","metadata":{},"timestamp":"2025-09-09T12:05:35.861908-03:00","data_tramitacao":"2025-09-09","data_encaminhamento":"2025-09-09","urgente":false,"turno":"","texto":"","data_fim_prazo":null,"ip":"45.5.6.115","ultima_edicao":"2025-09-09T12:05:22.284640-03:00","status":47,"materia":1930,"unidade_tramitacao_local":4,"unidade_tramitacao_destino":2,"user":5}