{"id":2431,"__str__":"Indica\u00e7\u00e3o n\u00ba 201 de 2026","link_detail_backend":"/materia/2431","metadata":{"signs":{"texto_original":{"admin":[],"autores":[["Jose Nathan Bezerra da Silva",["2026-04-03T10:41:32-03:00","Gov-Br"]]]}}},"numero":201,"ano":2026,"numero_protocolo":238,"data_apresentacao":"2026-04-06","tipo_apresentacao":"","data_publicacao":null,"numero_origem_externa":"","ano_origem_externa":null,"data_origem_externa":null,"apelido":"","dias_prazo":null,"data_fim_prazo":null,"em_tramitacao":false,"polemica":false,"objeto":"","complementar":false,"ementa":"Solicita ao Poder Executivo Municipal a inclus\u00e3o da Faculdade Vale do Paje\u00fa no Programa \u201cVai Longe\u201d, visando garantir o acesso ao transporte estudantil aos alunos bezerrenses matriculados na referida institui\u00e7\u00e3o de ensino localizada \u00e0s margens da BR-232, no munic\u00edpio de Bezerros.","indexacao":"","observacao":"","resultado":"","texto_original":"http://sapl.bezerros.pe.leg.br/media/sapl/public/materialegislativa/2026/2431/25_indicacao_inclusao_da_faculdade_vale_do_pajeu_no_programa_vai_longe_assinado.pdf","data_ultima_atualizacao":"2026-04-07T10:27:31.887606-03:00","ip":"","ultima_edicao":null,"tipo":1,"regime_tramitacao":1,"tipo_origem_externa":null,"local_origem_externa":null,"user":null,"anexadas":[],"autores":[28]}