{"id":2206,"__str__":"Projeto de Lei do Legislativo n\u00ba 3 de 2026","link_detail_backend":"/materia/2206","metadata":{"signs":{"texto_original":{"admin":[],"autores":[["Carlos Eduardo da Silva Lima",["2026-01-30T09:55:03-03:00","Gov-Br"]]]}}},"numero":3,"ano":2026,"numero_protocolo":24,"data_apresentacao":"2026-01-30","tipo_apresentacao":"","data_publicacao":null,"numero_origem_externa":"","ano_origem_externa":null,"data_origem_externa":null,"apelido":"","dias_prazo":null,"data_fim_prazo":null,"em_tramitacao":false,"polemica":false,"objeto":"","complementar":false,"ementa":"Disp\u00f5e sobre a denomina\u00e7\u00e3o das RUAS FRANCISCA MARIA DA SILVA, SEVERINA ANA DOS SANTOS E NOSSA SENHORA DAS GRA\u00c7AS, localizadas no S\u00edtio Areal, neste munic\u00edpio.","indexacao":"","observacao":"","resultado":"","texto_original":"http://sapl.bezerros.pe.leg.br/media/sapl/public/materialegislativa/2026/2206/pl_ruassitioareal_assinado.pdf","data_ultima_atualizacao":"2026-02-10T10:02:26.398588-03:00","ip":"","ultima_edicao":null,"tipo":5,"regime_tramitacao":1,"tipo_origem_externa":null,"local_origem_externa":null,"user":null,"anexadas":[],"autores":[6]}