{"id":2027,"__str__":"Mo\u00e7\u00e3o de Pesar n\u00ba 19 de 2025","link_detail_backend":"/materia/2027","metadata":{},"numero":19,"ano":2025,"numero_protocolo":752,"data_apresentacao":"2025-10-13","tipo_apresentacao":"","data_publicacao":null,"numero_origem_externa":"","ano_origem_externa":null,"data_origem_externa":null,"apelido":"","dias_prazo":null,"data_fim_prazo":null,"em_tramitacao":false,"polemica":false,"objeto":"","complementar":false,"ementa":"Os subscritores da presente. Vereadores da C\u00e2mara Municipal dos Bezerros,\r\n submete \u00e0 aprecia\u00e7\u00e3o de seus pares, cumpridas todas as formalidades regimentais,\r\n MO\u00c7\u00c3O DE PROFUNDO PESAR pelo falecimento do Sr. Fl\u00e1vio Melo, ocorrido no dia 12\r\n de outubro de 2025, na cidade de Bezerros, v\u00edtima de um tr\u00e1gico acidente de tr\u00e2nsito.\r\n Fl\u00e1vio Melo, aos 44 anos, era diretor e presidente do site Bezerros Hoje, meio de\r\n comunica\u00e7\u00e3o que prestou relevantes servi\u00e7os \u00e0 popula\u00e7\u00e3o bezerrense, contribuindo\r\n com a informa\u00e7\u00e3o, a transpar\u00eancia e o fortalecimento da cidadania no munic\u00edpio.\r\n Reconhecido por seu trabalho dedicado e por seu compromisso com a not\u00edcia local,\r\n Fl\u00e1vio era uma figura respeitada na imprensa e admirada pela comunidade.\r\n Neste momento de dor, a C\u00e2mara Municipal se solidariza com os familiares, amigos e\r\n colegas de profiss\u00e3o, prestando condol\u00eancias e desejando for\u00e7a para enfrentar esta\r\n perda irrepar\u00e1vel.\r\n Que esta Mo\u00e7\u00e3o de Pesar seja registrada nos anais desta Casa Legislativa e\r\n enviada aos familiares enlutados como forma de reconhecimento e respeito \u00e0 mem\u00f3ria\r\n do Sr. Fl\u00e1vio Melo.","indexacao":"","observacao":"","resultado":"","texto_original":"http://sapl.bezerros.pe.leg.br/media/sapl/public/materialegislativa/2025/2027/13102025_camara_municipal_de_bezerros_casa_jose_francisco_de_oli_001.pdf","data_ultima_atualizacao":"2025-10-13T11:22:41.545954-03:00","ip":"","ultima_edicao":null,"tipo":11,"regime_tramitacao":1,"tipo_origem_externa":null,"local_origem_externa":null,"user":null,"anexadas":[],"autores":[34]}