{"id":1956,"__str__":"Projeto de Lei do Legislativo n\u00ba 33 de 2025","link_detail_backend":"/materia/1956","metadata":{"signs":{"texto_original":{"admin":[],"autores":[["Natan Weslly da Silva",["2025-09-21T20:04:21-03:00","Gov-Br"]]]}}},"numero":33,"ano":2025,"numero_protocolo":684,"data_apresentacao":"2025-09-22","tipo_apresentacao":"","data_publicacao":null,"numero_origem_externa":"","ano_origem_externa":null,"data_origem_externa":null,"apelido":"","dias_prazo":null,"data_fim_prazo":null,"em_tramitacao":true,"polemica":false,"objeto":"","complementar":false,"ementa":"Disp\u00f5e sobre a denomina\u00e7\u00e3o FEIRINHA PEDRO DE AZEVEDO LIRA e d\u00e1 outras provid\u00eancias.","indexacao":"","observacao":"","resultado":"","texto_original":"http://sapl.bezerros.pe.leg.br/media/sapl/public/materialegislativa/2025/1956/pl_nome_da_feirinha_assinado.pdf","data_ultima_atualizacao":"2025-09-23T10:19:37.467884-03:00","ip":"","ultima_edicao":null,"tipo":5,"regime_tramitacao":1,"tipo_origem_externa":null,"local_origem_externa":null,"user":null,"anexadas":[],"autores":[33]}