{"id":1787,"__str__":"Requerimento n\u00ba 407 de 2025","link_detail_backend":"/materia/1787","metadata":{},"numero":407,"ano":2025,"numero_protocolo":522,"data_apresentacao":"2025-08-04","tipo_apresentacao":"","data_publicacao":null,"numero_origem_externa":"","ano_origem_externa":null,"data_origem_externa":null,"apelido":"","dias_prazo":null,"data_fim_prazo":null,"em_tramitacao":false,"polemica":false,"objeto":"","complementar":false,"ementa":"Requeiro \u00e0 Mesa, ouvido o Plen\u00e1rio e cumpridas todas as formalidades regimentais, que seja encaminhado apelo \u00e0 Excelent\u00edssima Senhora Prefeita deste Munic\u00edpio, Maria Lucielle Silva Laurentino, para que, em parceria com a Secretaria Municipal de Sa\u00fade, seja implantada uma Sala de Apoio para Acompanhantes de Pacientes Internados na Unidade de Pronto Atendimento \u2013 UPA de Bezerros. A proposta tem como finalidade oferecer um espa\u00e7o adequado, confort\u00e1vel e humanizado para os acompanhantes de pacientes que permanecem internados na unidade. Muitas vezes, esses acompanhantes enfrentam longos per\u00edodos de espera em ambientes improvisados ou sem estrutura m\u00ednima para repouso e cuidados pessoais.Sugere-se que essa sala de apoio seja equipada com assentos confort\u00e1veis, acesso \u00e0 \u00e1gua pot\u00e1vel, banheiros, tomadas para recarga de celulares, ventila\u00e7\u00e3o ou climatiza\u00e7\u00e3o e, tamb\u00e9m, arm\u00e1rios com cadeado para que os acompanhantes possam guardar seus pertences e objetos de uso pessoal com seguran\u00e7a. Essa medida garantir\u00e1 mais dignidade aos familiares, contribuindo para um atendimento mais humanizado, acolhedor e organizado dentro da rede municipal de sa\u00fade.","indexacao":"","observacao":"","resultado":"","texto_original":"http://sapl.bezerros.pe.leg.br/media/sapl/public/materialegislativa/2025/1787/46_-_implantacao_de_sala_de_apoio.pdf","data_ultima_atualizacao":"2025-08-05T09:42:32.832835-03:00","ip":"","ultima_edicao":null,"tipo":2,"regime_tramitacao":1,"tipo_origem_externa":null,"local_origem_externa":null,"user":null,"anexadas":[],"autores":[32]}