{"id":1679,"__str__":"Mo\u00e7\u00e3o de Pesar n\u00ba 12 de 2025","link_detail_backend":"/materia/1679","metadata":{},"numero":12,"ano":2025,"numero_protocolo":422,"data_apresentacao":"2025-05-29","tipo_apresentacao":"","data_publicacao":null,"numero_origem_externa":"","ano_origem_externa":null,"data_origem_externa":null,"apelido":"","dias_prazo":null,"data_fim_prazo":null,"em_tramitacao":false,"polemica":false,"objeto":"","complementar":false,"ementa":"O subscritor da presente, Vereador da C\u00e2mara Municipal dos Bezerros, submete\r\n \u00e0 aprecia\u00e7\u00e3o de seus pares, cumpridas todas as formalidades regimentais, MO\u00c7\u00c3O DE\r\n PROFUNDO PESAR pelo falecimento do SR. JOS\u00c9 FRANCISCO FILHO (conhecido\r\n por Ded\u00e9 da ma\u00e7\u00e3) ocorrido no dia 27 de maio do corrente ano em nosso Munic\u00edpio.","indexacao":"","observacao":"","resultado":"","texto_original":"http://sapl.bezerros.pe.leg.br/media/sapl/public/materialegislativa/2025/1679/mocao_de_pesar_junior.pdf","data_ultima_atualizacao":"2025-05-29T10:18:45.483076-03:00","ip":"","ultima_edicao":null,"tipo":11,"regime_tramitacao":1,"tipo_origem_externa":null,"local_origem_externa":null,"user":null,"anexadas":[],"autores":[32,12]}