{"id":1619,"__str__":"Mo\u00e7\u00e3o de Aplausos n\u00ba 10 de 2025","link_detail_backend":"/materia/1619","metadata":{},"numero":10,"ano":2025,"numero_protocolo":365,"data_apresentacao":"2025-05-12","tipo_apresentacao":"","data_publicacao":null,"numero_origem_externa":"","ano_origem_externa":null,"data_origem_externa":null,"apelido":"","dias_prazo":null,"data_fim_prazo":null,"em_tramitacao":false,"polemica":false,"objeto":"","complementar":false,"ementa":"O subscritor da presente, Vereador da C\u00e2mara Municipal dos Bezerros-PE, apresenta \u00e0\r\nMesa Diretora desta Casa Legislativa, cumpridas todas as formalidades regimentais, MO\u00c7\u00c3O DE\r\n APLAUSOS ao Sr. Jos\u00e9 Amarildo dos Santos, pelo not\u00e1vel feito de ter iniciado a tradicional\r\n \"Caminhada na Serra Negra\", que ocorre sempre na Sexta-feira da Paix\u00e3o, e que, h\u00e1 mais de\r\n 30 anos, vem se consolidando como uma importante manifesta\u00e7\u00e3o de f\u00e9, uni\u00e3o e tradi\u00e7\u00e3o para os\r\n moradores de nossa cidade e para os milhares de participantes que a cada ano se somam a esse\r\n evento. O Sr. Jos\u00e9 Amarildo, com sua vis\u00e3o e dedica\u00e7\u00e3o, foi o precursor dessa caminhada, que n\u00e3o\r\n s\u00f3 preserva as tradi\u00e7\u00f5es religiosas, mas tamb\u00e9m fortalece o esp\u00edrito comunit\u00e1rio, estimulando a\r\n pr\u00e1tica de atividades f\u00edsicas e a valoriza\u00e7\u00e3o das nossas belezas naturais.","indexacao":"","observacao":"","resultado":"","texto_original":"http://sapl.bezerros.pe.leg.br/media/sapl/public/materialegislativa/2025/1619/mocao_amarildo_ze_da_radio.pdf","data_ultima_atualizacao":"2025-05-13T10:38:56.083255-03:00","ip":"45.4.145.255","ultima_edicao":"2025-05-13T10:26:02.764257-03:00","tipo":10,"regime_tramitacao":1,"tipo_origem_externa":null,"local_origem_externa":null,"user":5,"anexadas":[],"autores":[31]}