{"id":1344,"__str__":"Proposta de Emenda n\u00ba 3 de 2025","link_detail_backend":"/materia/1344","metadata":{"signs":{"texto_original":{"admin":[],"autores":[["Natan Weslly da Silva",["2025-02-17T11:20:41-03:00","Gov-Br"]]]}}},"numero":3,"ano":2025,"numero_protocolo":106,"data_apresentacao":"2025-02-17","tipo_apresentacao":"","data_publicacao":null,"numero_origem_externa":"","ano_origem_externa":null,"data_origem_externa":null,"apelido":"","dias_prazo":null,"data_fim_prazo":null,"em_tramitacao":false,"polemica":false,"objeto":"","complementar":false,"ementa":"EMENDA MODIFICATIVA AO PROJETO DE LEI COMPLEMENTAR N\u00ba 03/2025\r\n\r\nI - Modifica o Par\u00e1grafo \u00fanico do Art. 2\u00ba, que passa a ter a seguinte reda\u00e7\u00e3o:\r\n\r\n\u201cPar\u00e1grafo \u00danico - Os cargos previstos nos incisos I, II, III e IV do artigo 2\u00ba ser\u00e3o ocupados por servidores p\u00fablicos municipais efetivos e\r\nser\u00e3o nomeados pelo Chefe do Poder Executivo. Os demais cargos ser\u00e3o de livre nomea\u00e7\u00e3o e exonera\u00e7\u00e3o, em car\u00e1ter ad nutum, nomeados pelo Chefe do Poder Executivo","indexacao":"","observacao":"","resultado":"","texto_original":"http://sapl.bezerros.pe.leg.br/media/sapl/public/materialegislativa/2025/1344/modificativa_02_assinado.pdf","data_ultima_atualizacao":"2025-03-11T12:50:24.344662-03:00","ip":"","ultima_edicao":null,"tipo":17,"regime_tramitacao":1,"tipo_origem_externa":null,"local_origem_externa":null,"user":null,"anexadas":[],"autores":[33]}